{"id":966,"date":"2014-11-14T12:36:54","date_gmt":"2014-11-14T11:36:54","guid":{"rendered":"http:\/\/neuroped.es.mialias.net\/valroacioncifpediatrica\/"},"modified":"2023-11-09T11:21:47","modified_gmt":"2023-11-09T10:21:47","slug":"valroacioncifpediatrica","status":"publish","type":"post","link":"https:\/\/neuroped.es\/en\/valroacioncifpediatrica\/","title":{"rendered":"Curso: Valoraci\u00f3n pedi\u00e1trica seg\u00fan la CIF y su relaci\u00f3n con otras escalas"},"content":{"rendered":"<h1>Curso: \u201cValoraci\u00f3n pedi\u00e1trica seg\u00fan la CIF y su relaci\u00f3n con otras escalas\u201d<\/h1>\n<p><em>La CIF alienta a los profesionales sanitarios a aplicar una valoraci\u00f3n exhaustiva, adem\u00e1s&nbsp; de&nbsp; una&nbsp; intervenci\u00f3n&nbsp; eficaz,&nbsp; efectiva&nbsp; y&nbsp; eficiente&nbsp; , articulando la relaci\u00f3n entre las estructuras y funciones corporales, la actividad y la participaci\u00f3n del ni\u00f1o y de su familia, sin compararlos con la normalidad.<\/em><\/p>\n<p>PROGRAMA:<\/p>\n<ol>\n<li>Qu\u00e9 es la CIF, partes y utilizaci\u00f3n<\/li>\n<li>Qu\u00e9 escalas de valoraci\u00f3n utilizar\u00edamos para evaluar cada dominio de la CIF. Algunas valoraciones espec\u00edficas: PEABODY, GMFM, PEDI, etc.<\/li>\n<li>Reflexiones sobre el camino de concepci\u00f3n de la discapacidad e implicaciones en la intervenci\u00f3n<\/li>\n<\/ol>\n<p>DIRIGIDO A:<\/p>\n<p>Diplomados y graduados y estudiantes de Fisioterapia, Logopedia, Terapia Ocupacional y dem\u00e1s profesionales del \u00e1mbito sanitario infantil.<\/p>\n<p>IMPARTE EL CURSO:&nbsp;M\u00f3nica Alonso Mart\u00edn.<\/p>\n<p>Fisioterapeuta pedi\u00e1trica del CEI y AT L\u2019Alquer\u00eda UCV. Master en atenci\u00f3n integral a las personas&nbsp; con&nbsp; discapacidad&nbsp; intelectual&nbsp; y&nbsp; Doctorando&nbsp; internacional.&nbsp; Docente&nbsp; de&nbsp; grado de&nbsp; fisioterapia&nbsp; en&nbsp; UCV.&nbsp; Miembro&nbsp; de&nbsp; la&nbsp; junta&nbsp; directiva&nbsp; de&nbsp; la&nbsp; Sociedad&nbsp; Espa\u00f1ola&nbsp; de Fisioterapia Pedi\u00e1trica (SEFIP) .<\/p>\n<p>ORGANIZADOR DEL CURSO: Ismael Sanz&nbsp; Esteban.<\/p>\n<p>Fisioterapeuta . Responsable \u00c1rea Rehabilitaci\u00f3n f\u00edsica y Funcional.&nbsp; Profesor de la UEM. Director del&nbsp;M\u00e1ster de fisioterapia neurol\u00f3gica de la UEM. Profesor de fisioterapia pedi\u00e1trica en la UPS. Terapeuta&nbsp;Vojta . Experto en el concepto Halliwick.<\/p>\n<p><a href=\"http:\/\/www.neuroped.es\/wp-content\/uploads\/2014\/11\/CURSO-CIF.jpg\"><img fetchpriority=\"high\" decoding=\"async\" class=\"alignnone size-medium wp-image-657\" alt=\"Curso CIF pediatrica\" src=\"http:\/\/www.neuroped.es\/wp-content\/uploads\/2014\/11\/CURSO-CIF-300x225.jpg\" width=\"300\" height=\"225\"><\/a><\/p>","protected":false},"excerpt":{"rendered":"<p>Curso: \u201cValoraci\u00f3n pedi\u00e1trica seg\u00fan la CIF y su relaci\u00f3n con otras escalas\u201d La CIF alienta a los profesionales sanitarios a aplicar una valoraci\u00f3n exhaustiva, adem\u00e1s&nbsp; de&nbsp; una&nbsp; intervenci\u00f3n&nbsp; eficaz,&nbsp; efectiva&nbsp; y&nbsp; eficiente&nbsp; , articulando la relaci\u00f3n entre las estructuras y funciones corporales, la actividad y la participaci\u00f3n del ni\u00f1o y de su familia, sin compararlos [&hellip;]<\/p>","protected":false},"author":1,"featured_media":2482,"comment_status":"open","ping_status":"open","sticky":false,"template":"","format":"standard","meta":{"_eb_attr":"","_joinchat":[],"footnotes":""},"categories":[7,1],"tags":[112,113,114,45,47,85,106,65,115],"class_list":["post-966","post","type-post","status-publish","format-standard","has-post-thumbnail","hentry","category-blog","category-sin-categoria","tag-cif","tag-cursos","tag-escalas-de-valoracion","tag-fisioterapia","tag-formacion","tag-infantil","tag-logopedia","tag-neurorehabilitacion","tag-pediatrica"],"_links":{"self":[{"href":"https:\/\/neuroped.es\/en\/wp-json\/wp\/v2\/posts\/966","targetHints":{"allow":["GET"]}}],"collection":[{"href":"https:\/\/neuroped.es\/en\/wp-json\/wp\/v2\/posts"}],"about":[{"href":"https:\/\/neuroped.es\/en\/wp-json\/wp\/v2\/types\/post"}],"author":[{"embeddable":true,"href":"https:\/\/neuroped.es\/en\/wp-json\/wp\/v2\/users\/1"}],"replies":[{"embeddable":true,"href":"https:\/\/neuroped.es\/en\/wp-json\/wp\/v2\/comments?post=966"}],"version-history":[{"count":1,"href":"https:\/\/neuroped.es\/en\/wp-json\/wp\/v2\/posts\/966\/revisions"}],"predecessor-version":[{"id":2483,"href":"https:\/\/neuroped.es\/en\/wp-json\/wp\/v2\/posts\/966\/revisions\/2483"}],"wp:featuredmedia":[{"embeddable":true,"href":"https:\/\/neuroped.es\/en\/wp-json\/wp\/v2\/media\/2482"}],"wp:attachment":[{"href":"https:\/\/neuroped.es\/en\/wp-json\/wp\/v2\/media?parent=966"}],"wp:term":[{"taxonomy":"category","embeddable":true,"href":"https:\/\/neuroped.es\/en\/wp-json\/wp\/v2\/categories?post=966"},{"taxonomy":"post_tag","embeddable":true,"href":"https:\/\/neuroped.es\/en\/wp-json\/wp\/v2\/tags?post=966"}],"curies":[{"name":"wp","href":"https:\/\/api.w.org\/{rel}","templated":true}]}}