{"id":965,"date":"2014-05-19T15:11:25","date_gmt":"2014-05-19T14:11:25","guid":{"rendered":"http:\/\/neuroped.es.mialias.net\/campamento-verano2014\/"},"modified":"2023-11-09T11:43:51","modified_gmt":"2023-11-09T10:43:51","slug":"campamento-verano2014","status":"publish","type":"post","link":"https:\/\/neuroped.es\/en\/campamento-verano2014\/","title":{"rendered":"CAMPAMENTO VERANO"},"content":{"rendered":"<p>NeuroPed ofrece un programa de campamentos urbanos intensivos en horario de ma\u00f1ana y tarde para ni\u00f1os con alteraci\u00f3n en su NeuroDesarrollo.<\/p>\n<p>Es una oportunidad para aprovechar las vacaciones, sin tanta carga escolar, y potenciar las habilidades de los ni\u00f1os. NeuroPed cuenta con un equipo multidisciplinar de profesionales especialistas en pediatr\u00eda (de 0 \u2013 21 a\u00f1os) expertos en las \u00e1reas de rehabilitaci\u00f3n de NeuroPsicolog\u00eda, Fisioterapia, Terapia Ocupacional y logopedia.<\/p>\n<p>El equipo de profesionales realiza una primera toma de contacto con la familia y el ni\u00f1o. En ella se valoran las habilidades del ni\u00f1o, se acuerdan los objetivos y se elaborar\u00e1 un plan terap\u00e9utico personalizado para las necesidades de cada ni\u00f1o.<\/p>\n<p>Los ni\u00f1os realizar\u00e1n <b><span style=\"text-decoration: underline;\">actividades terap\u00e9uticas<\/span><\/b>, siempre dotadas de un <b><span style=\"text-decoration: underline;\">fuerte componente l\u00fadico y de motivaci\u00f3n<\/span><\/b>, orientadas a mejorar las habilidades cognitivas, motoras y\/o de comunicaci\u00f3n y lenguaje y sobre todo de autonom\u00eda en las Actividades de Vida Diaria.<\/p>\n<p>Durante el d\u00eda se incluyen actividades terap\u00e9uticas individuales, las tardes continuaremos con 2 d\u00edas de piscina (fisioterapia en el agua siguiendo la terapia halliwick).<\/p>\n<p><b>Fechas:<\/b> con la intenci\u00f3n de ajustarnos al m\u00e1ximo a la demanda de las familias, las vacaciones, etc. La familia podr\u00e1 escoger las semanas que m\u00e1s les convengan.*<\/p>\n<ul>\n<li>Junio: Semana del 23 al 27.<\/li>\n<li>Julio y agosto: habr\u00e1 campamentos todas las semanas.<\/li>\n<li>Septiembre: Semana del 1 al 5.<\/li>\n<\/ul>\n<p><b>Horario:<\/b> de 9:30 a 17h**<\/p>\n<p><b>Precio:<\/b> incluye comida***<\/p>\n<ul>\n<li>1 semana: 450 \u20ac<\/li>\n<li>2 semanas: 850 \u20ac<\/li>\n<li>3 semanas: 1250 \u20ac<\/li>\n<\/ul>\n<p><b>Inscripciones<\/b>: cumplimentaci\u00f3n de la hoja adjunta en el mail y solicitud de cita previa para entrevista y valoraci\u00f3n de necesidades.<\/p>\n<p><b>Reserva de plaza:<\/b> Pago anticipado de 200 \u20ac.<\/p>\n<p>*N<i>\u00famero m\u00ednimo de ni\u00f1os para realizar el campamento <\/i><\/p>\n<p><i>** Posibilidad de ampliar o reducir horarios en funci\u00f3n del horario de trabajo de los padres o necesidades.<\/i><\/p>\n<p><i>*** Precio especial para clientes de NeuroPed y asociaciones con convenio. Para m\u00e1s informaci\u00f3n hablar con administraci\u00f3n de NeuroPed.<\/i><\/p>\n<p><a href=\"http:\/\/www.neuroped.es\/wp-content\/uploads\/2014\/05\/Campamento-Verano-2014.jpg\"><img fetchpriority=\"high\" decoding=\"async\" class=\"alignnone size-medium wp-image-649\" src=\"http:\/\/www.neuroped.es\/wp-content\/uploads\/2014\/05\/Campamento-Verano-2014-225x300.jpg\" alt=\"Campementos Verano\" width=\"225\" height=\"300\" \/><\/a><\/p>\n<p><span style=\"color: #3366ff;\">Nuestro campamento urbano est\u00e1 dirigido a ni\u00f1os y\/o adolescentes con alteraciones en el neurodesarrollo.\u00a0 Es una oportunidad para aprovechar las vacaciones y potenciar las habilidades de los ni\u00f1os.<\/span><\/p>\n<p><span style=\"color: #3366ff;\">El equipo multidisciplinar realiza una entrevista y se valora las habilidades del ni\u00f1o.<\/span><\/p>\n<p><span style=\"color: #3366ff;\">Dise\u00f1a un plan terap\u00e9utico\u00a0 intensivo y personalizado lleno de : Motivaci\u00f3n, Actividades, Juego, Destreza, Habilidades.<\/span><\/p>","protected":false},"excerpt":{"rendered":"<p>NeuroPed ofrece un programa de campamentos urbanos intensivos en horario de ma\u00f1ana y tarde para ni\u00f1os con alteraci\u00f3n en su NeuroDesarrollo. Es una oportunidad para aprovechar las vacaciones, sin tanta carga escolar, y potenciar las habilidades de los ni\u00f1os. NeuroPed cuenta con un equipo multidisciplinar de profesionales especialistas en pediatr\u00eda (de 0 \u2013 21 a\u00f1os) [&hellip;]<\/p>","protected":false},"author":1,"featured_media":2480,"comment_status":"open","ping_status":"open","sticky":false,"template":"","format":"standard","meta":{"_eb_attr":"","_joinchat":[],"footnotes":""},"categories":[7,95,39,64,41,92],"tags":[96,45,106,88,107,108,52,109,110,111],"class_list":["post-965","post","type-post","status-publish","format-standard","has-post-thumbnail","hentry","category-blog","category-campamento","category-estimulacion","category-neurorehabilitacion","category-talleres","category-verano","tag-campamento-2","tag-fisioterapia","tag-logopedia","tag-neuropsicologia","tag-ninos-campamentos","tag-psicologia","tag-rehabilitacion","tag-tratamiento-intensivo","tag-verano-2","tag-verano-2014"],"_links":{"self":[{"href":"https:\/\/neuroped.es\/en\/wp-json\/wp\/v2\/posts\/965","targetHints":{"allow":["GET"]}}],"collection":[{"href":"https:\/\/neuroped.es\/en\/wp-json\/wp\/v2\/posts"}],"about":[{"href":"https:\/\/neuroped.es\/en\/wp-json\/wp\/v2\/types\/post"}],"author":[{"embeddable":true,"href":"https:\/\/neuroped.es\/en\/wp-json\/wp\/v2\/users\/1"}],"replies":[{"embeddable":true,"href":"https:\/\/neuroped.es\/en\/wp-json\/wp\/v2\/comments?post=965"}],"version-history":[{"count":2,"href":"https:\/\/neuroped.es\/en\/wp-json\/wp\/v2\/posts\/965\/revisions"}],"predecessor-version":[{"id":2525,"href":"https:\/\/neuroped.es\/en\/wp-json\/wp\/v2\/posts\/965\/revisions\/2525"}],"wp:featuredmedia":[{"embeddable":true,"href":"https:\/\/neuroped.es\/en\/wp-json\/wp\/v2\/media\/2480"}],"wp:attachment":[{"href":"https:\/\/neuroped.es\/en\/wp-json\/wp\/v2\/media?parent=965"}],"wp:term":[{"taxonomy":"category","embeddable":true,"href":"https:\/\/neuroped.es\/en\/wp-json\/wp\/v2\/categories?post=965"},{"taxonomy":"post_tag","embeddable":true,"href":"https:\/\/neuroped.es\/en\/wp-json\/wp\/v2\/tags?post=965"}],"curies":[{"name":"wp","href":"https:\/\/api.w.org\/{rel}","templated":true}]}}