{"id":846,"date":"2020-10-22T13:33:26","date_gmt":"2020-10-22T11:33:26","guid":{"rendered":"http:\/\/neuroped.es.mialias.net\/?p=846"},"modified":"2023-11-09T11:56:51","modified_gmt":"2023-11-09T10:56:51","slug":"terapia-de-vibracion-focal","status":"publish","type":"post","link":"https:\/\/neuroped.es\/en\/terapia-de-vibracion-focal\/","title":{"rendered":"Terapia de vibraci\u00f3n focal"},"content":{"rendered":"<p>Desde el mes de Octubre los ni\u00f1os de NeuroPed que lo necesiten cuentan con una tecnolog\u00eda con evidencia cient\u00edfica, denominada TERAPIA VIBRA @terapiaVibra.<\/p>\n\n\n\n<p>Vibra es una tecnolog\u00eda que acelera y potencia los resultados del tratamiento neurorrehabilitador. La tecnolog\u00eda est\u00e1 subvencionada por la compa\u00f1\u00eda el\u00e9ctrica Luz Solidaria.<\/p>\n\n\n\n<p>\u00bfEn qu\u00e9 consiste la terapia?<\/p>\n\n\n\n<p>La terapia Vibra consiste en:<\/p>\n\n\n\n<p>Sistema de ondas mecano-sonoras selectivas<br>Tratamiento no invasivo de patolog\u00edas neuromusculares<br>Acelera la recuperaci\u00f3n funcional<br>mejora la propiocepci\u00f3n y tono muscular<br>mejora la resistencia f\u00edsica y coordinaci\u00f3n<\/p>\n\n\n\n<figure class=\"wp-block-image\"><img decoding=\"async\" src=\"https:\/\/i2.wp.com\/www.neuroped.es\/wp-content\/uploads\/2020\/10\/Terapia-vibra-2.jpg?resize=372%2C372\" alt=\"\" class=\"wp-image-1313\"\/><\/figure>\n\n\n\n<h2 class=\"wp-block-heading\">\u00bfC\u00f3mo funciona?<\/h2>\n\n\n\n<figure class=\"wp-block-embed is-type-video is-provider-youtube wp-block-embed-youtube wp-embed-aspect-4-3 wp-has-aspect-ratio\"><div class=\"wp-block-embed__wrapper\">\n<iframe title=\"Terapia Vibra-NeuroPed\" width=\"800\" height=\"600\" src=\"https:\/\/www.youtube.com\/embed\/k1CwAwMIwvU?feature=oembed\" frameborder=\"0\" allow=\"accelerometer; autoplay; clipboard-write; encrypted-media; gyroscope; picture-in-picture; web-share\" allowfullscreen><\/iframe>\n<\/div><\/figure>\n\n\n\n<p>La terapia por vibraci\u00f3n focal\/vibra produce vibraciones de gran valor terape\u00fatico que inducen respuestas adaptativas en las cadenas neuromusculares. La vibraci\u00f3n se transmite a trav\u00e9s de unos aplicadores especiales colocados sobre los m\u00fasculos.<\/p>\n\n\n\n<p>Permite ajustar amplitud, intensidad en funci\u00f3n de la sensibilidad de cada ni\u00f1o.<\/p>\n\n\n\n<p>\u00bfQui\u00e9n lo aplica?<\/p>\n\n\n\n<p>La Terapia Vibra es aplicada por nuestro equipo de profesionales de neurorehabilitaci\u00f3n previamente formados para el uso de la m\u00e1quina.<\/p>\n\n\n\n<p>En funci\u00f3n de los m\u00fasculos a trabajar ser\u00e1 un fisioterapeuta, un terapeuta ocupacional o un logopeda la persona encargada de realizar la terapia.<\/p>\n\n\n\n<p>\u00bfQu\u00e9 ni\u00f1os se pueden beneficiar?<\/p>\n\n\n\n<p>Aqu\u00e9llos ni\u00f1os que presentan alteraciones en:<\/p>\n\n\n\n<p>El control postural.<br>El tono (Hipoton\u00eda o hiperton\u00eda)<br>La propiocepci\u00f3n y esquema corporal.<br>La coordinaci\u00f3n y resistencia.<br>Las destrezas manipulativas.<\/p>\n\n\n\n<figure class=\"wp-block-image\"><img decoding=\"async\" src=\"https:\/\/i2.wp.com\/www.neuroped.es\/wp-content\/uploads\/2020\/10\/Vibra_FT-e1603731190229-1024x659.jpeg?resize=620%2C399\" alt=\"\" class=\"wp-image-1339\"\/><\/figure>\n\n\n\n<p>Ventajas para el ni\u00f1o<\/p>\n\n\n\n<p>Dentro de las principales ventajas destacamos:<\/p>\n\n\n\n<p>Tratamiento inocuo e indoloro.<br>Trabajo en sinergia con las terapias habituales potenciando sus resultados.<br>Se puede utilizar dentro del juego y la actividad.<br>Es f\u00e1cilmente tolerable por los ni\u00f1os<br>\u00bfQuieres saber si tu hijo se beneficiar\u00eda de la terapia?<\/p>\n\n\n\n<p>Para ello lo m\u00e1s sencillo es solicitar una cita con nosotros y valoraremos la idoneidad de la misma para las necesidades de tu hijo.<\/p>","protected":false},"excerpt":{"rendered":"<p>Desde el mes de Octubre los ni\u00f1os de NeuroPed que lo necesiten cuentan con una tecnolog\u00eda con evidencia cient\u00edfica, denominada TERAPIA VIBRA @terapiaVibra. Vibra es una tecnolog\u00eda que acelera y potencia los resultados del tratamiento neurorrehabilitador. La tecnolog\u00eda est\u00e1 subvencionada por la compa\u00f1\u00eda el\u00e9ctrica Luz Solidaria. \u00bfEn qu\u00e9 consiste la terapia? La terapia Vibra consiste [&hellip;]<\/p>","protected":false},"author":1,"featured_media":2536,"comment_status":"open","ping_status":"open","sticky":false,"template":"","format":"standard","meta":{"_eb_attr":"","_joinchat":[],"footnotes":""},"categories":[1],"tags":[],"class_list":["post-846","post","type-post","status-publish","format-standard","has-post-thumbnail","hentry","category-sin-categoria"],"_links":{"self":[{"href":"https:\/\/neuroped.es\/en\/wp-json\/wp\/v2\/posts\/846","targetHints":{"allow":["GET"]}}],"collection":[{"href":"https:\/\/neuroped.es\/en\/wp-json\/wp\/v2\/posts"}],"about":[{"href":"https:\/\/neuroped.es\/en\/wp-json\/wp\/v2\/types\/post"}],"author":[{"embeddable":true,"href":"https:\/\/neuroped.es\/en\/wp-json\/wp\/v2\/users\/1"}],"replies":[{"embeddable":true,"href":"https:\/\/neuroped.es\/en\/wp-json\/wp\/v2\/comments?post=846"}],"version-history":[{"count":1,"href":"https:\/\/neuroped.es\/en\/wp-json\/wp\/v2\/posts\/846\/revisions"}],"predecessor-version":[{"id":2537,"href":"https:\/\/neuroped.es\/en\/wp-json\/wp\/v2\/posts\/846\/revisions\/2537"}],"wp:featuredmedia":[{"embeddable":true,"href":"https:\/\/neuroped.es\/en\/wp-json\/wp\/v2\/media\/2536"}],"wp:attachment":[{"href":"https:\/\/neuroped.es\/en\/wp-json\/wp\/v2\/media?parent=846"}],"wp:term":[{"taxonomy":"category","embeddable":true,"href":"https:\/\/neuroped.es\/en\/wp-json\/wp\/v2\/categories?post=846"},{"taxonomy":"post_tag","embeddable":true,"href":"https:\/\/neuroped.es\/en\/wp-json\/wp\/v2\/tags?post=846"}],"curies":[{"name":"wp","href":"https:\/\/api.w.org\/{rel}","templated":true}]}}