{"id":689,"date":"2015-03-31T18:57:16","date_gmt":"2015-03-31T17:57:16","guid":{"rendered":"http:\/\/neuroped.es.mialias.net\/neurocampamentos-2015\/"},"modified":"2023-11-09T11:25:21","modified_gmt":"2023-11-09T10:25:21","slug":"neurocampamentos-2015","status":"publish","type":"post","link":"https:\/\/neuroped.es\/en\/neurocampamentos-2015\/","title":{"rendered":"NeuroCampamentos 2015"},"content":{"rendered":"<p>NeuroPed ofrece un programa de campamentos urbanos intensivos en horario de ma\u00f1ana y tarde para ni\u00f1os con alteraci\u00f3n en su NeuroDesarrollo.<\/p>\n<p>Es una oportunidad para aprovechar las vacaciones, sin tanta carga escolar, y potenciar las habilidades de los ni\u00f1os. NeuroPed cuenta con un equipo multidisciplinar de profesionales especialistas en pediatr\u00eda (de 0 \u2013 21 a\u00f1os) expertos en las \u00e1reas de rehabilitaci\u00f3n de NeuroPsicolog\u00eda, Fisioterapia, Terapia Ocupacional y logopedia.<\/p>\n<p>El equipo de profesionales realiza una primera toma de contacto con la familia y el ni\u00f1o. En ella se valoran las habilidades del ni\u00f1o, se acuerdan los objetivos y se elaborar\u00e1 un plan terap\u00e9utico personalizado para las necesidades de cada ni\u00f1o.<\/p>\n<p>Los ni\u00f1os realizar\u00e1n\u00a0<b>actividades terap\u00e9uticas<\/b>, siempre dotadas de un\u00a0<b>fuerte componente l\u00fadico y de motivaci\u00f3n<\/b>, orientadas a mejorar las habilidades cognitivas, motoras y\/o de comunicaci\u00f3n y lenguaje y sobre todo de autonom\u00eda en las Actividades de Vida Diaria.<\/p>\n<p>Durante el d\u00eda se incluyen actividades terap\u00e9uticas individuales y actividades en grupo que pueden ser actividades acu\u00e1ticas o actividades deportivas fuera de las instalaciones de NeuroPed. Los campamentos de verano son una excelente oportunidad para estimular a los ni\u00f1os y que se diviertan.<\/p>\n<p><b>Fechas:<\/b>\u00a0con la intenci\u00f3n de ajustarnos al m\u00e1ximo a la demanda de las familias, las vacaciones, etc. La familia podr\u00e1 escoger las semanas que m\u00e1s les convengan.*<\/p>\n<ul>\n<li>Desde el 22 de Junio de 2015 hasta el 4 de Septiembre<\/li>\n<\/ul>\n<p><b>Horario:<\/b>\u00a0de 9:30 a 17h**<\/p>\n<p><b>Precio:<\/b>\u00a0incluye comida*** A partir de 415\u20ac la semana en funci\u00f3n decuent0.<\/p>\n<p><b>Inscripciones<\/b>: cumplimentaci\u00f3n de la hoja adjunta en el mail y solicitud de cita previa para entrevista y valoraci\u00f3n de necesidades.<\/p>\n<p><b>Reserva de plaza:<\/b>\u00a0Pago anticipado de 200 \u20ac.<\/p>\n<p>&nbsp;<\/p>\n<p>*N<i>\u00famero m\u00ednimo de ni\u00f1os para realizar el campamento<\/i><\/p>\n<p><i>** Posibilidad de ampliar o reducir horarios en funci\u00f3n del horario de trabajo de los padres o necesidades.<\/i><\/p>\n<p><i>*** Precio especial para clientes de NeuroPed y asociaciones con convenio. Para m\u00e1s informaci\u00f3n hablar con administraci\u00f3n de NeuroPed. (administracion@neuroped.es)<a href=\"http:\/\/www.neuroped.es\/wp-content\/uploads\/2015\/03\/Campamento-Verano-2015.jpg\"><img fetchpriority=\"high\" decoding=\"async\" class=\"alignnone size-medium wp-image-691\" alt=\"Campamento Verano 2015\" src=\"http:\/\/www.neuroped.es\/wp-content\/uploads\/2015\/03\/Campamento-Verano-2015-225x300.jpg\" width=\"225\" height=\"300\" \/><\/a><\/i><\/p>","protected":false},"excerpt":{"rendered":"<p>NeuroPed ofrece un programa de campamentos urbanos intensivos en horario de ma\u00f1ana y tarde para ni\u00f1os con alteraci\u00f3n en su NeuroDesarrollo. Es una oportunidad para aprovechar las vacaciones, sin tanta carga escolar, y potenciar las habilidades de los ni\u00f1os. NeuroPed cuenta con un equipo multidisciplinar de profesionales especialistas en pediatr\u00eda (de 0 \u2013 21 a\u00f1os) [&hellip;]<\/p>","protected":false},"author":1,"featured_media":2489,"comment_status":"open","ping_status":"open","sticky":false,"template":"","format":"standard","meta":{"_eb_attr":"","_joinchat":[],"footnotes":""},"categories":[78,7,95,39,64,56,41,92],"tags":[93,94,6,96,97,98,80,99,100,25,89,101,52,102],"class_list":["post-689","post","type-post","status-publish","format-standard","has-post-thumbnail","hentry","category-atencion-temprana-2","category-blog","category-campamento","category-estimulacion","category-neurorehabilitacion","category-nuevas-tecnologias","category-talleres","category-verano","tag-actividades","tag-agosto-2015","tag-alcobendas","tag-campamento-2","tag-campamento-verano","tag-diversion","tag-estimulacion-2","tag-horario-flexible","tag-julio-2015","tag-madrid","tag-ninos","tag-ninos-campamento","tag-rehabilitacion","tag-verano-2015"],"_links":{"self":[{"href":"https:\/\/neuroped.es\/en\/wp-json\/wp\/v2\/posts\/689","targetHints":{"allow":["GET"]}}],"collection":[{"href":"https:\/\/neuroped.es\/en\/wp-json\/wp\/v2\/posts"}],"about":[{"href":"https:\/\/neuroped.es\/en\/wp-json\/wp\/v2\/types\/post"}],"author":[{"embeddable":true,"href":"https:\/\/neuroped.es\/en\/wp-json\/wp\/v2\/users\/1"}],"replies":[{"embeddable":true,"href":"https:\/\/neuroped.es\/en\/wp-json\/wp\/v2\/comments?post=689"}],"version-history":[{"count":1,"href":"https:\/\/neuroped.es\/en\/wp-json\/wp\/v2\/posts\/689\/revisions"}],"predecessor-version":[{"id":2490,"href":"https:\/\/neuroped.es\/en\/wp-json\/wp\/v2\/posts\/689\/revisions\/2490"}],"wp:featuredmedia":[{"embeddable":true,"href":"https:\/\/neuroped.es\/en\/wp-json\/wp\/v2\/media\/2489"}],"wp:attachment":[{"href":"https:\/\/neuroped.es\/en\/wp-json\/wp\/v2\/media?parent=689"}],"wp:term":[{"taxonomy":"category","embeddable":true,"href":"https:\/\/neuroped.es\/en\/wp-json\/wp\/v2\/categories?post=689"},{"taxonomy":"post_tag","embeddable":true,"href":"https:\/\/neuroped.es\/en\/wp-json\/wp\/v2\/tags?post=689"}],"curies":[{"name":"wp","href":"https:\/\/api.w.org\/{rel}","templated":true}]}}