{"id":672,"date":"2014-01-29T11:51:29","date_gmt":"2014-01-29T10:51:29","guid":{"rendered":"http:\/\/neuroped.es.mialias.net\/premioelconfidencial\/"},"modified":"2023-11-09T11:14:49","modified_gmt":"2023-11-09T10:14:49","slug":"premioelconfidencial","status":"publish","type":"post","link":"https:\/\/neuroped.es\/en\/premioelconfidencial\/","title":{"rendered":"Premio a las mejores Pr\u00e1cticas empresariales El Confidencial-KPMG"},"content":{"rendered":"<p>El pasado 28 de Enero de 2013 NeuroPed recibi\u00f3 el Premio a las mejores pr\u00e1cticas empresariales en la secci\u00f3n de Creaci\u00f3n de empleo por votaci\u00f3n de los lectores de El Confidencial.<\/p>\n<p>Nos sentimos muy orgullosos de haber creado \u00a0Empleo en Espa\u00f1a y estamos deseando que los puestos de trabajo que hemos generado se multipliquen en los pr\u00f3ximos meses.<\/p>\n<p><a href=\"http:\/\/www.neuroped.es\/wp-content\/uploads\/2014\/01\/Nacho-Cordero.jpg\"><img fetchpriority=\"high\" decoding=\"async\" class=\"size-medium wp-image-516 alignleft\" alt=\"Nacho Cordero\" src=\"http:\/\/www.neuroped.es\/wp-content\/uploads\/2014\/01\/Nacho-Cordero-300x199.jpg\" width=\"300\" height=\"199\" \/><\/a><\/p>\n<p>&nbsp;<\/p>\n<p>El Premio fue entregado por Nacho Cardero Director de El Confidencial.<\/p>\n<p>&nbsp;<\/p>\n<p>&nbsp;<\/p>\n<p>&nbsp;<\/p>\n<p><a href=\"http:\/\/www.neuroped.es\/wp-content\/uploads\/2014\/01\/John-Scott-Presidente-KPMG.jpg\"><img decoding=\"async\" class=\"size-medium wp-image-514 alignleft\" alt=\"John Scott Presidente KPMG\" src=\"http:\/\/www.neuroped.es\/wp-content\/uploads\/2014\/01\/John-Scott-Presidente-KPMG-300x199.jpg\" width=\"300\" height=\"199\" \/><\/a>El Presidente de KPMG en Europa, John Scott nos felicit\u00f3 por nuestra iniciativa empresarial.<\/p>\n<p>&nbsp;<\/p>\n<p>&nbsp;<\/p>\n<p>&nbsp;<\/p>\n<p>&nbsp;<\/p>\n<p>Deseando que \u00e9ste sea el primer premio de muchos y que nos sirva para luchar con m\u00e1s fuerza y ser un referente en el tratamiento de da\u00f1o cerebral infantil en Espa\u00f1a.<\/p>\n<p>Lamentablemente los \u00edndices de ni\u00f1os con da\u00f1o cerebral en Espa\u00f1a no son nada favorables y est\u00e1n aumentando significativamente. Dedicaremos un pr\u00f3ximo post a este asunto.<\/p>\n<p>Gracias a EC y gracias a KPMG por la fant\u00e1stica organizaci\u00f3n. Es un honor para NeuroPed haber recibido este premio.<\/p>\n<p>\u00a1\u00a1NUESTRA RECEPCION LUCE MEJOR CON EL PREMIO!!<\/p>\n<p><a href=\"http:\/\/www.neuroped.es\/wp-content\/uploads\/2014\/01\/Recepcion.jpeg\"><img decoding=\"async\" class=\"alignnone size-medium wp-image-518\" alt=\"Recepcion\" src=\"http:\/\/www.neuroped.es\/wp-content\/uploads\/2014\/01\/Recepcion-225x300.jpeg\" width=\"225\" height=\"300\" \/><\/a><\/p>\n<p>&nbsp;<\/p>\n<p>Por \u00faltimo estamos deseando ver la entrevista que nos hicieron.<\/p>\n<p><a href=\"http:\/\/www.neuroped.es\/wp-content\/uploads\/2014\/01\/Pilar-Blanco-entrevistando.jpg\"><img loading=\"lazy\" decoding=\"async\" class=\"alignnone size-medium wp-image-517\" alt=\"Pilar Blanco entrevistando\" src=\"http:\/\/www.neuroped.es\/wp-content\/uploads\/2014\/01\/Pilar-Blanco-entrevistando-300x199.jpg\" width=\"300\" height=\"199\" \/><\/a><\/p>\n<p>&nbsp;<\/p>\n<p>&nbsp;<\/p>","protected":false},"excerpt":{"rendered":"<p>El pasado 28 de Enero de 2013 NeuroPed recibi\u00f3 el Premio a las mejores pr\u00e1cticas empresariales en la secci\u00f3n de Creaci\u00f3n de empleo por votaci\u00f3n de los lectores de El Confidencial. Nos sentimos muy orgullosos de haber creado \u00a0Empleo en Espa\u00f1a y estamos deseando que los puestos de trabajo que hemos generado se multipliquen en [&hellip;]<\/p>","protected":false},"author":1,"featured_media":2466,"comment_status":"open","ping_status":"open","sticky":false,"template":"","format":"standard","meta":{"_eb_attr":"","_joinchat":[],"footnotes":""},"categories":[7,9],"tags":[42,43,44,34],"class_list":["post-672","post","type-post","status-publish","format-standard","has-post-thumbnail","hentry","category-blog","category-emprendedores","tag-creacion-de-empleo","tag-el-confidencial","tag-kpmg","tag-premio"],"_links":{"self":[{"href":"https:\/\/neuroped.es\/en\/wp-json\/wp\/v2\/posts\/672","targetHints":{"allow":["GET"]}}],"collection":[{"href":"https:\/\/neuroped.es\/en\/wp-json\/wp\/v2\/posts"}],"about":[{"href":"https:\/\/neuroped.es\/en\/wp-json\/wp\/v2\/types\/post"}],"author":[{"embeddable":true,"href":"https:\/\/neuroped.es\/en\/wp-json\/wp\/v2\/users\/1"}],"replies":[{"embeddable":true,"href":"https:\/\/neuroped.es\/en\/wp-json\/wp\/v2\/comments?post=672"}],"version-history":[{"count":1,"href":"https:\/\/neuroped.es\/en\/wp-json\/wp\/v2\/posts\/672\/revisions"}],"predecessor-version":[{"id":2467,"href":"https:\/\/neuroped.es\/en\/wp-json\/wp\/v2\/posts\/672\/revisions\/2467"}],"wp:featuredmedia":[{"embeddable":true,"href":"https:\/\/neuroped.es\/en\/wp-json\/wp\/v2\/media\/2466"}],"wp:attachment":[{"href":"https:\/\/neuroped.es\/en\/wp-json\/wp\/v2\/media?parent=672"}],"wp:term":[{"taxonomy":"category","embeddable":true,"href":"https:\/\/neuroped.es\/en\/wp-json\/wp\/v2\/categories?post=672"},{"taxonomy":"post_tag","embeddable":true,"href":"https:\/\/neuroped.es\/en\/wp-json\/wp\/v2\/tags?post=672"}],"curies":[{"name":"wp","href":"https:\/\/api.w.org\/{rel}","templated":true}]}}