{"id":671,"date":"2013-11-21T19:22:04","date_gmt":"2013-11-21T19:22:04","guid":{"rendered":"http:\/\/neuroped.es.mialias.net\/tallerestimulacion\/"},"modified":"2023-11-09T11:13:47","modified_gmt":"2023-11-09T10:13:47","slug":"tallerestimulacion","status":"publish","type":"post","link":"https:\/\/neuroped.es\/en\/tallerestimulacion\/","title":{"rendered":"Taller estimulaci\u00f3n temprana"},"content":{"rendered":"<h1>Taller de Estimulaci\u00f3n Temprana (Beb\u00e9s 0-6 meses)<\/h1>\n<p>Desde NeuroPed consideramos que la prevenci\u00f3n es muy importante y por ello ofrecemos unos talleres de estimulaci\u00f3n para beb\u00e9s. Tratamos de organizar talleres mensuales siempre que exista n\u00famero de asistentes id\u00f3neo para obtener unos resultados \u00f3ptimos.<\/p>\n<p>Nuestro objetivo es intentar crear grupos de beb\u00e9s con edades similares para que todos se encuentren en el mismo momento madurativo.<\/p>\n<p>Los talleres constar\u00e1n de cuatro partes, todas ellas centradas en la estimulaci\u00f3n del beb\u00e9.<\/p>\n<div>\n<ul>\n<li>En primer lugar sentaremos las bases de la estimulaci\u00f3n temprana de\u00a0aspectos cognitivos.<\/li>\n<li>Posteriormente se abordar\u00e1n aspectos del\u00a0desarrollo\u00a0sensoriomotor. Posicionamiento, y juegos con el beb\u00e9.<\/li>\n<li>A partir de ello os presentaremos c\u00f3mo\u00a0comunicaros con los bebes, y aspectos relacionados con la alimentaci\u00f3n.<\/li>\n<li>Para finalizar dedicaremos un tiempo a vosotras abordaremos los aspectos emocionales y psicol\u00f3gicos de ser madre en el siglo XXI.<\/li>\n<\/ul>\n<\/div>\n<p>Impartido por: NeuroPsic\u00f3loga y Psic\u00f3loga, Logopeda, Terapeuta Ocupacional y Fisioterapeuta expertos en neurodesarrollo.<\/p>\n<p>La duraci\u00f3n de los talleres es de 2,5 Horas.<\/p>\n<p>Realizamos Talleres peri\u00f3dicos, llama a reservar tu plaza. (91 704 53 75)<\/p>\n<h2><span style=\"color: #0000ff;\">\u00bfQuieres regalarselo a un reci\u00e9n nacido? Llama y preg\u00fantanos c\u00f3mo hacerlo \u00a1\u00a1El regalo perfecto para un reci\u00e9n nacido!!<\/span><\/h2>\n<figure id=\"attachment_223\" aria-describedby=\"caption-attachment-223\" style=\"width: 300px\" class=\"wp-caption alignnone\"><a href=\"http:\/\/www.neuroped.es\/wp-content\/uploads\/2013\/09\/DSCN07251.jpg\"><img fetchpriority=\"high\" decoding=\"async\" class=\"size-medium wp-image-223\" alt=\"Masaje c\u00f3lico lactante\" src=\"http:\/\/www.neuroped.es\/wp-content\/uploads\/2013\/09\/DSCN07251-300x225.jpg\" width=\"300\" height=\"225\" \/><\/a><figcaption id=\"caption-attachment-223\" class=\"wp-caption-text\">Aprender\u00e1s a estimular<\/figcaption><\/figure>\n<p>&nbsp;<\/p>","protected":false},"excerpt":{"rendered":"<p>Taller de Estimulaci\u00f3n Temprana (Beb\u00e9s 0-6 meses) Desde NeuroPed consideramos que la prevenci\u00f3n es muy importante y por ello ofrecemos unos talleres de estimulaci\u00f3n para beb\u00e9s. Tratamos de organizar talleres mensuales siempre que exista n\u00famero de asistentes id\u00f3neo para obtener unos resultados \u00f3ptimos. Nuestro objetivo es intentar crear grupos de beb\u00e9s con edades similares para [&hellip;]<\/p>","protected":false},"author":1,"featured_media":2464,"comment_status":"open","ping_status":"open","sticky":false,"template":"","format":"standard","meta":{"_eb_attr":"","_joinchat":[],"footnotes":""},"categories":[7,39,41],"tags":[37,38,32,40],"class_list":["post-671","post","type-post","status-publish","format-standard","has-post-thumbnail","hentry","category-blog","category-estimulacion","category-talleres","tag-atencion-temprana","tag-bebes","tag-blog-2","tag-estimulacion-temprana"],"_links":{"self":[{"href":"https:\/\/neuroped.es\/en\/wp-json\/wp\/v2\/posts\/671","targetHints":{"allow":["GET"]}}],"collection":[{"href":"https:\/\/neuroped.es\/en\/wp-json\/wp\/v2\/posts"}],"about":[{"href":"https:\/\/neuroped.es\/en\/wp-json\/wp\/v2\/types\/post"}],"author":[{"embeddable":true,"href":"https:\/\/neuroped.es\/en\/wp-json\/wp\/v2\/users\/1"}],"replies":[{"embeddable":true,"href":"https:\/\/neuroped.es\/en\/wp-json\/wp\/v2\/comments?post=671"}],"version-history":[{"count":1,"href":"https:\/\/neuroped.es\/en\/wp-json\/wp\/v2\/posts\/671\/revisions"}],"predecessor-version":[{"id":2465,"href":"https:\/\/neuroped.es\/en\/wp-json\/wp\/v2\/posts\/671\/revisions\/2465"}],"wp:featuredmedia":[{"embeddable":true,"href":"https:\/\/neuroped.es\/en\/wp-json\/wp\/v2\/media\/2464"}],"wp:attachment":[{"href":"https:\/\/neuroped.es\/en\/wp-json\/wp\/v2\/media?parent=671"}],"wp:term":[{"taxonomy":"category","embeddable":true,"href":"https:\/\/neuroped.es\/en\/wp-json\/wp\/v2\/categories?post=671"},{"taxonomy":"post_tag","embeddable":true,"href":"https:\/\/neuroped.es\/en\/wp-json\/wp\/v2\/tags?post=671"}],"curies":[{"name":"wp","href":"https:\/\/api.w.org\/{rel}","templated":true}]}}