{"id":670,"date":"2013-11-20T20:00:08","date_gmt":"2013-11-20T20:00:08","guid":{"rendered":"http:\/\/neuroped.es.mialias.net\/specialolympics\/"},"modified":"2023-11-09T11:12:38","modified_gmt":"2023-11-09T10:12:38","slug":"specialolympics","status":"publish","type":"post","link":"https:\/\/neuroped.es\/en\/specialolympics\/","title":{"rendered":"VII Gala 2013 Special Olympics"},"content":{"rendered":"<p>NeuroPed asisiti\u00f3 ayer, 19 de Noviembre de 2013 a la VII Gala de Special Olympics 2013.<\/p>\n<p>La Gala estuvo presidida por\u00a0Su Alteza Real la Infanta Do\u00f1a Elena de Borb\u00f3n que entreg\u00f3 el Premio Special Olympics, concedido al Cuerpo Nacional de Polic\u00eda en agradecimiento a los 15 a\u00f1os de colaboraci\u00f3n con Special Olympics. S.A.R. la Infanta Do\u00f1a Elena es la Presidenta de Honor de la Fundaci\u00f3n de Special Olympics.<\/p>\n<p>Special Olympics es una organizaci\u00f3n sin \u00e1nimo de Lucro que nace como plataforma de promoci\u00f3n y fomento del deporte para personas con discapacidad intelectual con el objetivo de mejorar su calidad de vida.\u00a0C\u00f3mo sab\u00e9is una de los objetivos de NeuroPed es fomentar la integraci\u00f3n de los ni\u00f1os y los deportes para as\u00ed mejorar su calidad de vida a trav\u00e9s del deporte y por tanto estamos estudiando distintas v\u00edas para colaborar con Special Olympics.<\/p>\n<p>Al acto asistieron\u00a0el presidente del Consejo Superior de Deportes (CSD), Miguel Cardenal; el director general de la Polic\u00eda, Ignacio Cosid\u00f3; el presidente de la Fundaci\u00f3n Special Olympics Espa\u00f1a, Juan Antonio Samaranch; el presidente ejecutivo de la Fundaci\u00f3n Special Olympics Espa\u00f1a, Gaizka Ort\u00fazar, y el director de Tribuna Am\u00e9rica, Rodrigo Campos.<\/p>\n<figure id=\"attachment_396\" aria-describedby=\"caption-attachment-396\" style=\"width: 300px\" class=\"wp-caption alignnone\"><a href=\"http:\/\/www.neuroped.es\/wp-content\/uploads\/2013\/11\/20131119_specialolympics_04.jpg\"><img fetchpriority=\"high\" decoding=\"async\" class=\"size-medium wp-image-396\" alt=\"Special Olympics\" src=\"http:\/\/www.neuroped.es\/wp-content\/uploads\/2013\/11\/20131119_specialolympics_04-300x199.jpg\" width=\"300\" height=\"199\" \/><\/a><figcaption id=\"caption-attachment-396\" class=\"wp-caption-text\">Do\u00f1a Elena acompa\u00f1ada por la Direcci\u00f3n General de Policia<\/figcaption><\/figure>\n<p>Durante la Gala disfrutamos de los discursos y compartimos momentos muy especiales con muchos de los deportistas, os dejamos algunas fotos.<\/p>\n<figure id=\"attachment_397\" aria-describedby=\"caption-attachment-397\" style=\"width: 300px\" class=\"wp-caption alignnone\"><a href=\"http:\/\/www.neuroped.es\/wp-content\/uploads\/2013\/11\/IMG_0460.jpg\"><img decoding=\"async\" class=\"size-medium wp-image-397\" alt=\"SAR Do\u00f1a Elena de Borbon con Luc\u00eda Zum\u00e1rraga, Directora\" src=\"http:\/\/www.neuroped.es\/wp-content\/uploads\/2013\/11\/IMG_0460-300x225.jpg\" width=\"300\" height=\"225\" \/><\/a><figcaption id=\"caption-attachment-397\" class=\"wp-caption-text\">SAR Do\u00f1a Elena de Borb\u00f3n con Luc\u00eda Zum\u00e1rraga, Directora de NeuroPed<\/figcaption><\/figure>\n<figure id=\"attachment_399\" aria-describedby=\"caption-attachment-399\" style=\"width: 225px\" class=\"wp-caption alignnone\"><a href=\"http:\/\/www.neuroped.es\/wp-content\/uploads\/2013\/11\/IMG_0450.jpg\"><img decoding=\"async\" class=\"size-medium wp-image-399\" alt=\"Foto Familia Gala Special Olympics\" src=\"http:\/\/www.neuroped.es\/wp-content\/uploads\/2013\/11\/IMG_0450-225x300.jpg\" width=\"225\" height=\"300\" \/><\/a><figcaption id=\"caption-attachment-399\" class=\"wp-caption-text\">Foto Familia Gala Special Olympics<\/figcaption><\/figure>\n<figure id=\"attachment_400\" aria-describedby=\"caption-attachment-400\" style=\"width: 225px\" class=\"wp-caption alignnone\"><a href=\"http:\/\/www.neuroped.es\/wp-content\/uploads\/2013\/11\/IMG_0457.jpg\"><img loading=\"lazy\" decoding=\"async\" class=\"size-medium wp-image-400\" alt=\"SARelenaBorbon\" src=\"http:\/\/www.neuroped.es\/wp-content\/uploads\/2013\/11\/IMG_0457-225x300.jpg\" width=\"225\" height=\"300\" \/><\/a><figcaption id=\"caption-attachment-400\" class=\"wp-caption-text\">La Infanta Elena posa con una de las deportistas<\/figcaption><\/figure>\n<figure id=\"attachment_401\" aria-describedby=\"caption-attachment-401\" style=\"width: 225px\" class=\"wp-caption alignnone\"><a href=\"http:\/\/www.neuroped.es\/wp-content\/uploads\/2013\/11\/IMG_0458.jpg\"><img loading=\"lazy\" decoding=\"async\" class=\"size-medium wp-image-401\" alt=\"IMG_0458\" src=\"http:\/\/www.neuroped.es\/wp-content\/uploads\/2013\/11\/IMG_0458-225x300.jpg\" width=\"225\" height=\"300\" \/><\/a><figcaption id=\"caption-attachment-401\" class=\"wp-caption-text\">La Infanta Do\u00f1a Elena de Borb\u00f3n charla distendidamente con Gaizka Ortuzar y Tom\u00e1s Zum\u00e1rraga<\/figcaption><\/figure>\n<figure id=\"attachment_404\" aria-describedby=\"caption-attachment-404\" style=\"width: 300px\" class=\"wp-caption alignnone\"><img loading=\"lazy\" decoding=\"async\" class=\"size-medium wp-image-404\" style=\"font-size: 12px; line-height: 18px;\" alt=\"IMG_0478\" src=\"http:\/\/www.neuroped.es\/wp-content\/uploads\/2013\/11\/IMG_0478-300x225.jpg\" width=\"300\" height=\"225\" \/><figcaption id=\"caption-attachment-404\" class=\"wp-caption-text\">El Presindente de S.Olympics Gaizka Ortuzar posa junto a Luc\u00eda Zum\u00e1rraga y Tom\u00e1s Zum\u00e1rraga<\/figcaption><\/figure>\n<figure id=\"attachment_402\" aria-describedby=\"caption-attachment-402\" style=\"width: 300px\" class=\"wp-caption alignnone\"><a href=\"http:\/\/www.neuroped.es\/wp-content\/uploads\/2013\/11\/IMG_0468.jpg\"><img loading=\"lazy\" decoding=\"async\" class=\"size-medium wp-image-402\" alt=\"IMG_0468\" src=\"http:\/\/www.neuroped.es\/wp-content\/uploads\/2013\/11\/IMG_0468-300x225.jpg\" width=\"300\" height=\"225\" \/><\/a><figcaption id=\"caption-attachment-402\" class=\"wp-caption-text\">Tambi\u00e9n estuvimos con Do\u00f1a Carmen Cafranga Presidenta de la Fundaci\u00f3n Carmen Pardo Valc\u00e1rcel y Almudena Martorell Directora de la misma.<\/figcaption><\/figure>\n<p style=\"text-align: justify;\"><a href=\"http:\/\/www.neuroped.es\/wp-content\/uploads\/2013\/11\/IMG_0445.jpg\"><img loading=\"lazy\" decoding=\"async\" class=\"alignnone size-medium wp-image-398\" alt=\"IMG_0445\" src=\"http:\/\/www.neuroped.es\/wp-content\/uploads\/2013\/11\/IMG_0445-225x300.jpg\" width=\"225\" height=\"300\" \/><\/a><\/p>","protected":false},"excerpt":{"rendered":"<p>NeuroPed asisiti\u00f3 ayer, 19 de Noviembre de 2013 a la VII Gala de Special Olympics 2013. La Gala estuvo presidida por\u00a0Su Alteza Real la Infanta Do\u00f1a Elena de Borb\u00f3n que entreg\u00f3 el Premio Special Olympics, concedido al Cuerpo Nacional de Polic\u00eda en agradecimiento a los 15 a\u00f1os de colaboraci\u00f3n con Special Olympics. S.A.R. la Infanta [&hellip;]<\/p>","protected":false},"author":1,"featured_media":2462,"comment_status":"open","ping_status":"open","sticky":false,"template":"","format":"standard","meta":{"_eb_attr":"","_joinchat":[],"footnotes":""},"categories":[7,14,10,35],"tags":[32,33,34,36],"class_list":["post-670","post","type-post","status-publish","format-standard","has-post-thumbnail","hentry","category-blog","category-inauguracion","category-medios","category-special-olympics","tag-blog-2","tag-gala","tag-premio","tag-special-olympics"],"_links":{"self":[{"href":"https:\/\/neuroped.es\/en\/wp-json\/wp\/v2\/posts\/670","targetHints":{"allow":["GET"]}}],"collection":[{"href":"https:\/\/neuroped.es\/en\/wp-json\/wp\/v2\/posts"}],"about":[{"href":"https:\/\/neuroped.es\/en\/wp-json\/wp\/v2\/types\/post"}],"author":[{"embeddable":true,"href":"https:\/\/neuroped.es\/en\/wp-json\/wp\/v2\/users\/1"}],"replies":[{"embeddable":true,"href":"https:\/\/neuroped.es\/en\/wp-json\/wp\/v2\/comments?post=670"}],"version-history":[{"count":1,"href":"https:\/\/neuroped.es\/en\/wp-json\/wp\/v2\/posts\/670\/revisions"}],"predecessor-version":[{"id":2463,"href":"https:\/\/neuroped.es\/en\/wp-json\/wp\/v2\/posts\/670\/revisions\/2463"}],"wp:featuredmedia":[{"embeddable":true,"href":"https:\/\/neuroped.es\/en\/wp-json\/wp\/v2\/media\/2462"}],"wp:attachment":[{"href":"https:\/\/neuroped.es\/en\/wp-json\/wp\/v2\/media?parent=670"}],"wp:term":[{"taxonomy":"category","embeddable":true,"href":"https:\/\/neuroped.es\/en\/wp-json\/wp\/v2\/categories?post=670"},{"taxonomy":"post_tag","embeddable":true,"href":"https:\/\/neuroped.es\/en\/wp-json\/wp\/v2\/tags?post=670"}],"curies":[{"name":"wp","href":"https:\/\/api.w.org\/{rel}","templated":true}]}}