{"id":666,"date":"2013-09-27T13:07:49","date_gmt":"2013-09-27T13:07:49","guid":{"rendered":"http:\/\/neuroped.es.mialias.net\/inauguracion\/"},"modified":"2023-11-09T11:10:32","modified_gmt":"2023-11-09T10:10:32","slug":"inauguracion","status":"publish","type":"post","link":"https:\/\/neuroped.es\/en\/inauguracion\/","title":{"rendered":"Gran acogida en la Inauguraci\u00f3n NeuroPed"},"content":{"rendered":"<h2 align=\"center\"><b>Alcobendas inaugura \u201cNeuroped\u201d, centro pionero en rehabilitaci\u00f3n neurol\u00f3gica infantil<\/b><b> <\/b><\/h2>\n<h3 align=\"center\">Ofrece tratamientos para el neurodesarrollo infantil o los trastornos\u00a0del aprendizaje, con asesoramiento y apoyo constante a las familias<\/h3>\n<p align=\"right\">Alcobendas, 27 de septiembre de 2013<\/p>\n<p>El alcalde de Alcobendas, Ignacio Garc\u00eda de Vinuesa, inaugur\u00f3 el pasado d\u00eda 26 de Septiembre de 2013, en esta localidad el centro privado de neurodesarrollo pedi\u00e1trico NeuroPed, un complejo pionero en la rehabilitaci\u00f3n neurol\u00f3gica infantil en el que trabajan 15 profesionales.<\/p>\n<p>NeuroPed ofrece un modelo pionero de rehabilitaci\u00f3n y desarrollo neurol\u00f3gico pedi\u00e1trico e infantil, aplicado en cada caso de forma consensuada y coordinada con las familias, y en colaboraci\u00f3n con los distintos centros escolares de los ni\u00f1os.<\/p>\n<p>Sus responsables han constatado que la puesta en com\u00fan de los distintos agentes del entorno directo de los ni\u00f1os permite mejorar y reforzar sus resultados terap\u00e9uticos en cada una de las etapas del desarrollo infantil. Todo el modelo rehabilitador del centro se basa en ese principio fundacional, con el compromiso a\u00f1adido de ofrecer servicios econ\u00f3micamente accesibles para las familias.<\/p>\n<p>El Centro ha abierto su primer complejo en la localidad madrile\u00f1a de Alcobendas, cuyo Ayuntamiento ha colaborado en el proyecto empresarial. Tiene previsto extender su presencia a nivel nacional a medio plazo, y se plantea asimismo la asistencia domiciliaria y la formaci\u00f3n profesional en este \u00e1mbito.<\/p>\n<p>En el complejo de Alcobendas trabajan quince profesionales entre m\u00e9dicos neurorrehabilitadores, psic\u00f3logos y neuropsic\u00f3logos, fisioterapeutas, logopedas y terapeutas ocupacionales.<\/p>\n<p>Durante el acto inaugural, la neuropsic\u00f3loga infantil Luc\u00eda Zum\u00e1rraga, directora y <i>alma m\u00e1ter <\/i>de NeuroPed, ha destacado el car\u00e1cter innovador e integrador del centro, que viene a cubrir una demanda de servicios especializados y flexibles en el \u00e1rea de la discapacidad, \u201cmuy coordinada con las familias y cuyo \u00fanico fin es mejorar la calidad de vida de los ni\u00f1os e impulsar al m\u00e1ximo su desarrollo funcional y participaci\u00f3n social\u201d.<\/p>\n<p>El alcalde alcobendense, Ignacio Garc\u00eda de Vinuesa, se felicit\u00f3 por poder inaugurar en su municipio un centro especializado de esas caracter\u00edsticas, y se mostr\u00f3 confiado en que se consolidar\u00e1 como un referente en el \u00e1mbito del neurodesarrollo infantil.<\/p>\n<figure id=\"attachment_292\" aria-describedby=\"caption-attachment-292\" style=\"width: 300px\" class=\"wp-caption aligncenter\"><a href=\"http:\/\/www.neuroped.es\/wp-content\/uploads\/2013\/09\/Alcalde_alcobendas-y-su-equipo.jpg\"><img fetchpriority=\"high\" decoding=\"async\" class=\"size-medium wp-image-292\" title=\"Alcalde de Alcobendas con el Equipo de NeuroPed\" alt=\"Alcalde y su equipo\" src=\"http:\/\/www.neuroped.es\/wp-content\/uploads\/2013\/09\/1.-Alcalde-y-su-equipo-300x200.jpg\" width=\"300\" height=\"200\" \/><\/a><figcaption id=\"caption-attachment-292\" class=\"wp-caption-text\">Alcalde y su equipo<\/figcaption><\/figure>\n<p>&nbsp;<\/p>\n<p>&nbsp;<\/p>\n<figure id=\"attachment_294\" aria-describedby=\"caption-attachment-294\" style=\"width: 300px\" class=\"wp-caption alignnone\"><a href=\"http:\/\/www.neuroped.es\/wp-content\/uploads\/2013\/09\/3Borja_fanjul-Diputado-C.-Madrid.jpg\"><img decoding=\"async\" class=\"size-medium wp-image-294\" title=\"Borja Fanjul, Diputado Comunidad Madrid probando el programa de rehabilitaci\u00f3n virtual\" alt=\"Borja Fanjul, Diputado C. Madrid\" src=\"http:\/\/www.neuroped.es\/wp-content\/uploads\/2013\/09\/3Borja_fanjul-Diputado-C.-Madrid-300x200.jpg\" width=\"300\" height=\"200\" \/><\/a><figcaption id=\"caption-attachment-294\" class=\"wp-caption-text\">Borja Fanjul, Diputado C. Madrid<\/figcaption><\/figure>\n<figure id=\"attachment_295\" aria-describedby=\"caption-attachment-295\" style=\"width: 300px\" class=\"wp-caption alignnone\"><a href=\"http:\/\/www.neuroped.es\/wp-content\/uploads\/2013\/09\/4.-Alcalde-observando-realidad-virtual.jpg\"><img decoding=\"async\" class=\"wp-image-295\" title=\"El Alcalde de Alcobendas observando la realidad virtual\" alt=\"Realidad Virtual\" src=\"http:\/\/www.neuroped.es\/wp-content\/uploads\/2013\/09\/4.-Alcalde-observando-realidad-virtual-300x229.jpg\" width=\"300\" height=\"229\" \/><\/a><figcaption id=\"caption-attachment-295\" class=\"wp-caption-text\">Realidad Virtual<\/figcaption><\/figure>\n<figure id=\"attachment_293\" aria-describedby=\"caption-attachment-293\" style=\"width: 300px\" class=\"wp-caption alignnone\"><a href=\"http:\/\/www.neuroped.es\/wp-content\/uploads\/2013\/09\/2Discurso_alcalde_Alcobendas.jpg\"><img loading=\"lazy\" decoding=\"async\" class=\"size-medium wp-image-293\" title=\"El Alcalde dirigi\u00f3 unas palabras a todos los asistentes\" alt=\"Discurso Alcalde\" src=\"http:\/\/www.neuroped.es\/wp-content\/uploads\/2013\/09\/2Discurso_alcalde_Alcobendas-300x200.jpg\" width=\"300\" height=\"200\" \/><\/a><figcaption id=\"caption-attachment-293\" class=\"wp-caption-text\">Discurso Alcalde con el equipo NeuroPed detr\u00e1s<\/figcaption><\/figure>\n<figure id=\"attachment_296\" aria-describedby=\"caption-attachment-296\" style=\"width: 300px\" class=\"wp-caption alignnone\"><a href=\"http:\/\/www.neuroped.es\/wp-content\/uploads\/2013\/09\/5Foto_gimnasio_neuroPed.jpg\"><img loading=\"lazy\" decoding=\"async\" class=\"size-medium wp-image-296\" title=\"Gimasio con todas las necesidades para la rehabilitaci\u00f3n\" alt=\"Gimnasio NeuroPed\" src=\"http:\/\/www.neuroped.es\/wp-content\/uploads\/2013\/09\/5Foto_gimnasio_neuroPed-300x200.jpg\" width=\"300\" height=\"200\" \/><\/a><figcaption id=\"caption-attachment-296\" class=\"wp-caption-text\">Gimnasio NeuroPed<\/figcaption><\/figure>\n<p>&nbsp;<\/p>\n<p>&nbsp;<\/p>","protected":false},"excerpt":{"rendered":"<p>Alcobendas inaugura \u201cNeuroped\u201d, centro pionero en rehabilitaci\u00f3n neurol\u00f3gica infantil Ofrece tratamientos para el neurodesarrollo infantil o los trastornos\u00a0del aprendizaje, con asesoramiento y apoyo constante a las familias Alcobendas, 27 de septiembre de 2013 El alcalde de Alcobendas, Ignacio Garc\u00eda de Vinuesa, inaugur\u00f3 el pasado d\u00eda 26 de Septiembre de 2013, en esta localidad el centro [&hellip;]<\/p>","protected":false},"author":1,"featured_media":2458,"comment_status":"open","ping_status":"open","sticky":false,"template":"","format":"standard","meta":{"_eb_attr":"","_joinchat":[],"footnotes":""},"categories":[7,14,10,1],"tags":[13,6,15],"class_list":["post-666","post","type-post","status-publish","format-standard","has-post-thumbnail","hentry","category-blog","category-inauguracion","category-medios","category-sin-categoria","tag-alcalde","tag-alcobendas","tag-inauguracion-2"],"_links":{"self":[{"href":"https:\/\/neuroped.es\/en\/wp-json\/wp\/v2\/posts\/666","targetHints":{"allow":["GET"]}}],"collection":[{"href":"https:\/\/neuroped.es\/en\/wp-json\/wp\/v2\/posts"}],"about":[{"href":"https:\/\/neuroped.es\/en\/wp-json\/wp\/v2\/types\/post"}],"author":[{"embeddable":true,"href":"https:\/\/neuroped.es\/en\/wp-json\/wp\/v2\/users\/1"}],"replies":[{"embeddable":true,"href":"https:\/\/neuroped.es\/en\/wp-json\/wp\/v2\/comments?post=666"}],"version-history":[{"count":1,"href":"https:\/\/neuroped.es\/en\/wp-json\/wp\/v2\/posts\/666\/revisions"}],"predecessor-version":[{"id":2459,"href":"https:\/\/neuroped.es\/en\/wp-json\/wp\/v2\/posts\/666\/revisions\/2459"}],"wp:featuredmedia":[{"embeddable":true,"href":"https:\/\/neuroped.es\/en\/wp-json\/wp\/v2\/media\/2458"}],"wp:attachment":[{"href":"https:\/\/neuroped.es\/en\/wp-json\/wp\/v2\/media?parent=666"}],"wp:term":[{"taxonomy":"category","embeddable":true,"href":"https:\/\/neuroped.es\/en\/wp-json\/wp\/v2\/categories?post=666"},{"taxonomy":"post_tag","embeddable":true,"href":"https:\/\/neuroped.es\/en\/wp-json\/wp\/v2\/tags?post=666"}],"curies":[{"name":"wp","href":"https:\/\/api.w.org\/{rel}","templated":true}]}}