{"id":665,"date":"2013-09-18T17:34:22","date_gmt":"2013-09-18T17:34:22","guid":{"rendered":"http:\/\/neuroped.es.mialias.net\/centrodepracticas\/"},"modified":"2023-11-09T11:10:01","modified_gmt":"2023-11-09T10:10:01","slug":"centrodepracticas","status":"publish","type":"post","link":"https:\/\/neuroped.es\/en\/centrodepracticas\/","title":{"rendered":"NeuroPed- Nuevo centro de pr\u00e1cticas ISEP"},"content":{"rendered":"<p><strong>Noticia publicada en www.isep.es -13 de septiembre de 2013-<\/strong><\/p>\n<p><a href=\"http:\/\/www.isep.es\/actualidad\/abre_las_puertas_neuroped_un_nuevo_centro_de_practicas_de_isep\" target=\"_blank\" rel=\"noopener\">http:\/\/www.isep.es\/actualidad\/abre_las_puertas_neuroped_un_nuevo_centro_de_practicas_de_isep<\/a><\/p>\n<p>\u00abEl pr\u00f3ximo 26 de septiembre abrir\u00e1 las puertas en Alcobendas\u00a0<strong><a href=\"https:\/\/neuroped.es\/en\/\" target=\"_blank\" rel=\"noopener\">NeuroPed<\/a><\/strong>, un\u00a0<strong>centro de neurodesarrollo pedi\u00e1trico<\/strong>\u00a0que estar\u00e1 dirigido por Luc\u00eda Zum\u00e1rraga Astorqui, profesora del \u00e1rea de Neuropsicolog\u00eda de ISEP.<\/p>\n<p>Este nuevo espacio, que adem\u00e1s ser\u00e1<strong>\u00a0centro de pr\u00e1cticas<\/strong>\u00a0del\u00a0<a href=\"http:\/\/www.isep.es\/\" target=\"_blank\" rel=\"noopener\">Instituto Superior de Estudios Psicol\u00f3gicos<\/a>, ofrecer\u00e1\u00a0<strong>tratamientos para ni\u00f1os y adolescentes<\/strong>\u00a0que sufren o han sufrido alg\u00fan trastorno en su desarrollo desde una perspectiva innovadora. A trav\u00e9s de un trato cercano y personalizado, el objetivo de NeuroPed es\u00a0<strong>trabajar de forma interdisciplinar<\/strong>\u00a0para abordar las problem\u00e1ticas partiendo de una mirada com\u00fan. El centro cuenta con un equipo de profesionales con<strong>m\u00e1s de 10 a\u00f1os de experienci<\/strong>a en el \u00e1mbito de la rehabilitaci\u00f3n infantil.<\/p>\n<p>Desde\u00a0<a href=\"http:\/\/www.isep.es\/sedes_y_contacto\/isep_madrid\" target=\"_blank\" rel=\"noopener\">ISEP Madrid<\/a>\u00a0deseamos a Luc\u00eda Zum\u00e1rraga y todo su equipo el mayor de los \u00e9xitos.\u00bb<\/p>\n<p>&nbsp;<\/p>\n<p>&nbsp;<\/p>","protected":false},"excerpt":{"rendered":"<p>Noticia publicada en www.isep.es -13 de septiembre de 2013- http:\/\/www.isep.es\/actualidad\/abre_las_puertas_neuroped_un_nuevo_centro_de_practicas_de_isep \u00abEl pr\u00f3ximo 26 de septiembre abrir\u00e1 las puertas en Alcobendas\u00a0NeuroPed, un\u00a0centro de neurodesarrollo pedi\u00e1trico\u00a0que estar\u00e1 dirigido por Luc\u00eda Zum\u00e1rraga Astorqui, profesora del \u00e1rea de Neuropsicolog\u00eda de ISEP. Este nuevo espacio, que adem\u00e1s ser\u00e1\u00a0centro de pr\u00e1cticas\u00a0del\u00a0Instituto Superior de Estudios Psicol\u00f3gicos, ofrecer\u00e1\u00a0tratamientos para ni\u00f1os y adolescentes\u00a0que sufren [&hellip;]<\/p>","protected":false},"author":1,"featured_media":2456,"comment_status":"open","ping_status":"open","sticky":false,"template":"","format":"standard","meta":{"_eb_attr":"","_joinchat":[],"footnotes":""},"categories":[7],"tags":[],"class_list":["post-665","post","type-post","status-publish","format-standard","has-post-thumbnail","hentry","category-blog"],"_links":{"self":[{"href":"https:\/\/neuroped.es\/en\/wp-json\/wp\/v2\/posts\/665","targetHints":{"allow":["GET"]}}],"collection":[{"href":"https:\/\/neuroped.es\/en\/wp-json\/wp\/v2\/posts"}],"about":[{"href":"https:\/\/neuroped.es\/en\/wp-json\/wp\/v2\/types\/post"}],"author":[{"embeddable":true,"href":"https:\/\/neuroped.es\/en\/wp-json\/wp\/v2\/users\/1"}],"replies":[{"embeddable":true,"href":"https:\/\/neuroped.es\/en\/wp-json\/wp\/v2\/comments?post=665"}],"version-history":[{"count":1,"href":"https:\/\/neuroped.es\/en\/wp-json\/wp\/v2\/posts\/665\/revisions"}],"predecessor-version":[{"id":2457,"href":"https:\/\/neuroped.es\/en\/wp-json\/wp\/v2\/posts\/665\/revisions\/2457"}],"wp:featuredmedia":[{"embeddable":true,"href":"https:\/\/neuroped.es\/en\/wp-json\/wp\/v2\/media\/2456"}],"wp:attachment":[{"href":"https:\/\/neuroped.es\/en\/wp-json\/wp\/v2\/media?parent=665"}],"wp:term":[{"taxonomy":"category","embeddable":true,"href":"https:\/\/neuroped.es\/en\/wp-json\/wp\/v2\/categories?post=665"},{"taxonomy":"post_tag","embeddable":true,"href":"https:\/\/neuroped.es\/en\/wp-json\/wp\/v2\/tags?post=665"}],"curies":[{"name":"wp","href":"https:\/\/api.w.org\/{rel}","templated":true}]}}