{"id":251,"date":"2013-09-13T15:30:57","date_gmt":"2013-09-13T15:30:57","guid":{"rendered":"http:\/\/neuroped.es.mialias.net\/articulo-en-la-revista-siete-dias-revista-del-ayuntamiento-de-alcobendas\/"},"modified":"2023-11-09T11:05:08","modified_gmt":"2023-11-09T10:05:08","slug":"articulo-en-la-revista-siete-dias-revista-del-ayuntamiento-de-alcobendas","status":"publish","type":"post","link":"https:\/\/neuroped.es\/en\/articulo-en-la-revista-siete-dias-revista-del-ayuntamiento-de-alcobendas\/","title":{"rendered":"Art\u00edculo en la Revista Siete D\u00edas (Revista del Ayuntamiento de Alcobendas)"},"content":{"rendered":"<p><a href=\"http:\/\/www.neuroped.es\/wp-content\/uploads\/2013\/09\/Sietedias-1226-130913-Pag7.jpg\"><img fetchpriority=\"high\" decoding=\"async\" class=\"size-medium wp-image-252 alignleft\" alt=\"Sietedias 1226 130913 Pag7\" src=\"http:\/\/www.neuroped.es\/wp-content\/uploads\/2013\/09\/Sietedias-1226-130913-Pag7-199x300.jpg\" width=\"199\" height=\"300\" \/><\/a>La revista Siete D\u00edas, revista del Ayuntamiento de Alcobendas, publica en su n\u00ba 1.226 una entrevista a nuestras socias fundadoras Luc\u00eda y M\u00f3nica Zum\u00e1rraga.<\/p>\n<p>Destaca la especializaci\u00f3n del centro al centrarse en poblaci\u00f3n infatil, de 0 a 21 a\u00f1os, para acompa\u00f1ar a la familia en su transici\u00f3n hacia una vida adulta e independiente.<\/p>\n<p>Luc\u00eda explica \u00abNuestro objetivo es que logren ser lo m\u00e1s aut\u00f3nomos posible\u00bb<\/p>\n<p>Gracias al Ayuntamiento de Alcobendas y a la secci\u00f3n Impulso Emprendedor por permitirnos darnos a conocer.<\/p>\n<p>&nbsp;<\/p>","protected":false},"excerpt":{"rendered":"<p>La revista Siete D\u00edas, revista del Ayuntamiento de Alcobendas, publica en su n\u00ba 1.226 una entrevista a nuestras socias fundadoras Luc\u00eda y M\u00f3nica Zum\u00e1rraga. Destaca la especializaci\u00f3n del centro al centrarse en poblaci\u00f3n infatil, de 0 a 21 a\u00f1os, para acompa\u00f1ar a la familia en su transici\u00f3n hacia una vida adulta e independiente. Luc\u00eda explica [&hellip;]<\/p>","protected":false},"author":1,"featured_media":2452,"comment_status":"open","ping_status":"open","sticky":false,"template":"","format":"standard","meta":{"_eb_attr":"","_joinchat":[],"footnotes":""},"categories":[7,9,10],"tags":[6,8,11,12],"class_list":["post-251","post","type-post","status-publish","format-standard","has-post-thumbnail","hentry","category-blog","category-emprendedores","category-medios","tag-alcobendas","tag-emprendedor","tag-revista","tag-siete-dias"],"_links":{"self":[{"href":"https:\/\/neuroped.es\/en\/wp-json\/wp\/v2\/posts\/251","targetHints":{"allow":["GET"]}}],"collection":[{"href":"https:\/\/neuroped.es\/en\/wp-json\/wp\/v2\/posts"}],"about":[{"href":"https:\/\/neuroped.es\/en\/wp-json\/wp\/v2\/types\/post"}],"author":[{"embeddable":true,"href":"https:\/\/neuroped.es\/en\/wp-json\/wp\/v2\/users\/1"}],"replies":[{"embeddable":true,"href":"https:\/\/neuroped.es\/en\/wp-json\/wp\/v2\/comments?post=251"}],"version-history":[{"count":1,"href":"https:\/\/neuroped.es\/en\/wp-json\/wp\/v2\/posts\/251\/revisions"}],"predecessor-version":[{"id":2453,"href":"https:\/\/neuroped.es\/en\/wp-json\/wp\/v2\/posts\/251\/revisions\/2453"}],"wp:featuredmedia":[{"embeddable":true,"href":"https:\/\/neuroped.es\/en\/wp-json\/wp\/v2\/media\/2452"}],"wp:attachment":[{"href":"https:\/\/neuroped.es\/en\/wp-json\/wp\/v2\/media?parent=251"}],"wp:term":[{"taxonomy":"category","embeddable":true,"href":"https:\/\/neuroped.es\/en\/wp-json\/wp\/v2\/categories?post=251"},{"taxonomy":"post_tag","embeddable":true,"href":"https:\/\/neuroped.es\/en\/wp-json\/wp\/v2\/tags?post=251"}],"curies":[{"name":"wp","href":"https:\/\/api.w.org\/{rel}","templated":true}]}}